{"id":1329,"date":"2019-07-05T22:17:45","date_gmt":"2019-07-05T22:17:45","guid":{"rendered":"http:\/\/www.institutomagnasco.org.ar\/?p=1329"},"modified":"2019-07-05T22:17:48","modified_gmt":"2019-07-05T22:17:48","slug":"magnasco-de-puertas-abiertas","status":"publish","type":"post","link":"http:\/\/www.institutomagnasco.org.ar\/?p=1329","title":{"rendered":"Magnasco de puertas abiertas"},"content":{"rendered":"\n<p>El domingo 7 de julio a partir de las 16.30 estar\u00e1n abiertas las puertas del Instituto para recibir a todos los que deseen conocer sus salas y lo que ellas guardan.<\/p>\n\n\n\n<p>La idea es que los visitantes puedan recorrer la instituci\u00f3n y escuchar las explicaciones de los miembros de la Comisi\u00f3n Directiva, que estar\u00e1n all\u00ed para asesorarlos.<\/p>\n\n\n\n<p>Es tambi\u00e9n una oportunidad para conocer la nueva sala, recientemente inaugurada, que guarda fotos, documentos, mapas y libros del Patrimonio Cultural de Gualeguaych\u00fa.<\/p>\n\n\n\n<p>Adem\u00e1s podr\u00e1n participar de un concurso que consistir\u00e1 en reconocer una esquina actual de Gualeguaych\u00fa en fotograf\u00edas antiguas de la ciudad.<\/p>\n\n\n\n<p>Una tarde para visitar el Magnasco y compartir un caf\u00e9 con tortas.<\/p>\n\n\n\n<p>Entrada libre y gratuita.<\/p>\n","protected":false},"excerpt":{"rendered":"<p>El domingo 7 de julio a partir de las 16.30 estar\u00e1n abiertas las puertas del Instituto para recibir a todos los que deseen conocer sus salas y lo que ellas guardan. La idea es que los visitantes puedan recorrer la instituci\u00f3n y escuchar las explicaciones de los miembros de la Comisi\u00f3n Directiva, que estar\u00e1n all\u00ed [&hellip;]<\/p>\n","protected":false},"author":3,"featured_media":0,"comment_status":"open","ping_status":"open","sticky":false,"template":"","format":"standard","meta":{"footnotes":""},"categories":[18],"tags":[],"class_list":["post-1329","post","type-post","status-publish","format-standard","hentry","category-noticias"],"_links":{"self":[{"href":"http:\/\/www.institutomagnasco.org.ar\/index.php?rest_route=\/wp\/v2\/posts\/1329","targetHints":{"allow":["GET"]}}],"collection":[{"href":"http:\/\/www.institutomagnasco.org.ar\/index.php?rest_route=\/wp\/v2\/posts"}],"about":[{"href":"http:\/\/www.institutomagnasco.org.ar\/index.php?rest_route=\/wp\/v2\/types\/post"}],"author":[{"embeddable":true,"href":"http:\/\/www.institutomagnasco.org.ar\/index.php?rest_route=\/wp\/v2\/users\/3"}],"replies":[{"embeddable":true,"href":"http:\/\/www.institutomagnasco.org.ar\/index.php?rest_route=%2Fwp%2Fv2%2Fcomments&post=1329"}],"version-history":[{"count":1,"href":"http:\/\/www.institutomagnasco.org.ar\/index.php?rest_route=\/wp\/v2\/posts\/1329\/revisions"}],"predecessor-version":[{"id":1330,"href":"http:\/\/www.institutomagnasco.org.ar\/index.php?rest_route=\/wp\/v2\/posts\/1329\/revisions\/1330"}],"wp:attachment":[{"href":"http:\/\/www.institutomagnasco.org.ar\/index.php?rest_route=%2Fwp%2Fv2%2Fmedia&parent=1329"}],"wp:term":[{"taxonomy":"category","embeddable":true,"href":"http:\/\/www.institutomagnasco.org.ar\/index.php?rest_route=%2Fwp%2Fv2%2Fcategories&post=1329"},{"taxonomy":"post_tag","embeddable":true,"href":"http:\/\/www.institutomagnasco.org.ar\/index.php?rest_route=%2Fwp%2Fv2%2Ftags&post=1329"}],"curies":[{"name":"wp","href":"https:\/\/api.w.org\/{rel}","templated":true}]}}