{"id":1367,"date":"2020-02-27T17:16:45","date_gmt":"2020-02-27T17:16:45","guid":{"rendered":"http:\/\/www.institutomagnasco.org.ar\/?p=1367"},"modified":"2020-02-27T18:02:18","modified_gmt":"2020-02-27T18:02:18","slug":"una-interesante-propuesta-educativa-con-salida-laboral-cursos-de-capacitacion-laboral-y-tecnica-en-la-camila-nievas","status":"publish","type":"post","link":"http:\/\/www.institutomagnasco.org.ar\/?p=1367","title":{"rendered":"Una interesante propuesta educativa con salida laboral: cursos de capacitaci\u00f3n laboral y t\u00e9cnica en la Camila Nievas"},"content":{"rendered":"\n<p>Una interesante propuesta educativa con salida laboral: cursos de capacitaci\u00f3n laboral y t\u00e9cnica en la Camila Nievas.<\/p>\n\n\n\n<p>Por informes, personalmente en nuestra <em><strong>Escuela\nPrivada <\/strong><\/em><strong><em>N\u00b0 46 de Capacitaci\u00f3n Laboral y Formaci\u00f3n\nProfesional<\/em><\/strong><em><strong> Camila Nievas<\/strong><\/em>, Camila Nievas 76 de lunes a viernes de 17.00 a 20.30 o al\ntel\u00e9fono 42 99 13. <\/p>\n","protected":false},"excerpt":{"rendered":"<p>Una interesante propuesta educativa con salida laboral: cursos de capacitaci\u00f3n laboral y t\u00e9cnica en la Camila Nievas. Por informes, personalmente en nuestra Escuela Privada N\u00b0 46 de Capacitaci\u00f3n Laboral y Formaci\u00f3n Profesional Camila Nievas, Camila Nievas 76 de lunes a viernes de 17.00 a 20.30 o al tel\u00e9fono 42 99 13.<\/p>\n","protected":false},"author":3,"featured_media":1369,"comment_status":"open","ping_status":"open","sticky":false,"template":"","format":"standard","meta":{"footnotes":""},"categories":[18],"tags":[],"class_list":["post-1367","post","type-post","status-publish","format-standard","has-post-thumbnail","hentry","category-noticias"],"_links":{"self":[{"href":"http:\/\/www.institutomagnasco.org.ar\/index.php?rest_route=\/wp\/v2\/posts\/1367","targetHints":{"allow":["GET"]}}],"collection":[{"href":"http:\/\/www.institutomagnasco.org.ar\/index.php?rest_route=\/wp\/v2\/posts"}],"about":[{"href":"http:\/\/www.institutomagnasco.org.ar\/index.php?rest_route=\/wp\/v2\/types\/post"}],"author":[{"embeddable":true,"href":"http:\/\/www.institutomagnasco.org.ar\/index.php?rest_route=\/wp\/v2\/users\/3"}],"replies":[{"embeddable":true,"href":"http:\/\/www.institutomagnasco.org.ar\/index.php?rest_route=%2Fwp%2Fv2%2Fcomments&post=1367"}],"version-history":[{"count":1,"href":"http:\/\/www.institutomagnasco.org.ar\/index.php?rest_route=\/wp\/v2\/posts\/1367\/revisions"}],"predecessor-version":[{"id":1370,"href":"http:\/\/www.institutomagnasco.org.ar\/index.php?rest_route=\/wp\/v2\/posts\/1367\/revisions\/1370"}],"wp:featuredmedia":[{"embeddable":true,"href":"http:\/\/www.institutomagnasco.org.ar\/index.php?rest_route=\/wp\/v2\/media\/1369"}],"wp:attachment":[{"href":"http:\/\/www.institutomagnasco.org.ar\/index.php?rest_route=%2Fwp%2Fv2%2Fmedia&parent=1367"}],"wp:term":[{"taxonomy":"category","embeddable":true,"href":"http:\/\/www.institutomagnasco.org.ar\/index.php?rest_route=%2Fwp%2Fv2%2Fcategories&post=1367"},{"taxonomy":"post_tag","embeddable":true,"href":"http:\/\/www.institutomagnasco.org.ar\/index.php?rest_route=%2Fwp%2Fv2%2Ftags&post=1367"}],"curies":[{"name":"wp","href":"https:\/\/api.w.org\/{rel}","templated":true}]}}