{"id":1388,"date":"2020-07-01T18:28:56","date_gmt":"2020-07-01T18:28:56","guid":{"rendered":"http:\/\/www.institutomagnasco.org.ar\/?p=1388"},"modified":"2020-07-01T18:28:59","modified_gmt":"2020-07-01T18:28:59","slug":"el-instituto-magnasco-abrira-las-puertas-de-su-biblioteca-a-partir-del-dia-lunes-6-de-julio-en-el-horario-de-16-a-18","status":"publish","type":"post","link":"http:\/\/www.institutomagnasco.org.ar\/?p=1388","title":{"rendered":"El Instituto Magnasco abrir\u00e1 las puertas de su Biblioteca a partir del d\u00eda lunes 6 de julio, en el horario de 16 a 18."},"content":{"rendered":"\n<p>En esta primera etapa, la biblioteca estar\u00e1 habilitada s\u00f3lo para el intercambio de material bibliogr\u00e1fico (libros, revistas, fasc\u00edculos).<\/p>\n\n\n\n<p>Las listas de las obras recientemente adquiridas en la Feria del Libro, a trav\u00e9s de la Comisi\u00f3n Nacional de Bibliotecas Populares, estar\u00e1n disponibles para su consulta en el facebook del Magnasco y en la Galer\u00eda de Arte de la entidad.<\/p>\n\n\n\n<p>Todas las actividades se llevar\u00e1n a cabo teniendo en cuenta, en forma escrita, el protocolo determinado por la Municipalidad de Gualeguaych\u00fa. Decreto N\u00ba 1627\/2020.<\/p>\n\n\n\n<p>Para otro tipo de consultas o de servicios, solicitamos a los socios y al p\u00fablico en general, llamar a la Secretar\u00eda de la instituci\u00f3n de 16 a 19. Tel. 427287.<\/p>\n","protected":false},"excerpt":{"rendered":"<p>En esta primera etapa, la biblioteca estar\u00e1 habilitada s\u00f3lo para el intercambio de material bibliogr\u00e1fico (libros, revistas, fasc\u00edculos). Las listas de las obras recientemente adquiridas en la Feria del Libro, a trav\u00e9s de la Comisi\u00f3n Nacional de Bibliotecas Populares, estar\u00e1n disponibles para su consulta en el facebook del Magnasco y en la Galer\u00eda de Arte [&hellip;]<\/p>\n","protected":false},"author":3,"featured_media":0,"comment_status":"open","ping_status":"open","sticky":false,"template":"","format":"standard","meta":{"footnotes":""},"categories":[18],"tags":[],"class_list":["post-1388","post","type-post","status-publish","format-standard","hentry","category-noticias"],"_links":{"self":[{"href":"http:\/\/www.institutomagnasco.org.ar\/index.php?rest_route=\/wp\/v2\/posts\/1388","targetHints":{"allow":["GET"]}}],"collection":[{"href":"http:\/\/www.institutomagnasco.org.ar\/index.php?rest_route=\/wp\/v2\/posts"}],"about":[{"href":"http:\/\/www.institutomagnasco.org.ar\/index.php?rest_route=\/wp\/v2\/types\/post"}],"author":[{"embeddable":true,"href":"http:\/\/www.institutomagnasco.org.ar\/index.php?rest_route=\/wp\/v2\/users\/3"}],"replies":[{"embeddable":true,"href":"http:\/\/www.institutomagnasco.org.ar\/index.php?rest_route=%2Fwp%2Fv2%2Fcomments&post=1388"}],"version-history":[{"count":1,"href":"http:\/\/www.institutomagnasco.org.ar\/index.php?rest_route=\/wp\/v2\/posts\/1388\/revisions"}],"predecessor-version":[{"id":1389,"href":"http:\/\/www.institutomagnasco.org.ar\/index.php?rest_route=\/wp\/v2\/posts\/1388\/revisions\/1389"}],"wp:attachment":[{"href":"http:\/\/www.institutomagnasco.org.ar\/index.php?rest_route=%2Fwp%2Fv2%2Fmedia&parent=1388"}],"wp:term":[{"taxonomy":"category","embeddable":true,"href":"http:\/\/www.institutomagnasco.org.ar\/index.php?rest_route=%2Fwp%2Fv2%2Fcategories&post=1388"},{"taxonomy":"post_tag","embeddable":true,"href":"http:\/\/www.institutomagnasco.org.ar\/index.php?rest_route=%2Fwp%2Fv2%2Ftags&post=1388"}],"curies":[{"name":"wp","href":"https:\/\/api.w.org\/{rel}","templated":true}]}}